{"id":2163,"date":"2026-02-24T09:29:42","date_gmt":"2026-02-24T08:29:42","guid":{"rendered":"https:\/\/fftm.se\/blogg\/?p=2163"},"modified":"2026-03-04T10:18:04","modified_gmt":"2026-03-04T09:18:04","slug":"ars-musice","status":"publish","type":"post","link":"https:\/\/fftm.se\/blogg\/ars-musice\/","title":{"rendered":"Ars Musice och Ars Instrumentorum"},"content":{"rendered":"<p><span style=\"font-weight: 400;\">Under v\u00e5ren erbjuder FFTM tv\u00e5 korta kurser i medeltidsmusik, i samarbete med Studiefr\u00e4mjandet och Scenkonstmuseet. <\/span><b>25 april<\/b><span style=\"font-weight: 400;\"> \u00e4r det \u00f6ppet f\u00f6r b\u00e5de <\/span><b>s\u00e5ngare och instrumentalister<\/b><span style=\"font-weight: 400;\"> d\u00e5 vi fokuserar p\u00e5 medeltida s\u00e5nger om v\u00e5ren. Det blir b\u00e5de v\u00e4rldsliga hyllningar till k\u00e4rleken och livet, och kyrkliga s\u00e5nger f\u00f6r p\u00e5sk och pingst.<\/span><\/p>\n<p><b>16 maj<\/b><span style=\"font-weight: 400;\"> blir det kurs f\u00f6r <\/span><b>instrumentalister<\/b><span style=\"font-weight: 400;\"> med fokus p\u00e5 hur vi som instrumentalister kan n\u00e4rma oss den medeltida repertoaren.\u00a0<\/span><\/p>\n<p><span style=\"font-weight: 400;\">Du beh\u00f6ver inte ha erfarenhet av medeltida musik f\u00f6r att delta, men b\u00f6r ha n\u00e5gon vana av s\u00e5ng eller ditt instrument. Vi musicerar b\u00e5de efter noter och p\u00e5 geh\u00f6r.<\/span><\/p>\n<p><b>Var: <\/b>Scenkonstmuseet, Stockholm.<\/p>\n<p><b>Kostnad: <\/b>450kr (350kr f\u00f6r medlemmar i FFTM eller Gambaf\u00f6reningen)<\/p>\n<p><b>25 april 12\u201316: <\/b><a href=\"https:\/\/www.studieframjandet.se\/stockholms-lan\/gustav-arrangemang\/kalenderhandelser\/2026\/april\/ars-musice--varens-musik\/\">Anm\u00e4l dig till Ars Musice<\/a><\/p>\n<p><b>16 maj 12\u201316: <\/b><a href=\"https:\/\/www.studieframjandet.se\/stockholms-lan\/gustav-arrangemang\/kalenderhandelser\/2026\/maj\/ars-instrumentorum--upptack-medeltidens-musik\/\">Anm\u00e4l dig till Ars Instrumentorum<\/a><b><\/b><b><i><\/i><\/b><\/p>\n","protected":false},"excerpt":{"rendered":"<p>Under v\u00e5ren erbjuder FFTM tv\u00e5 korta kurser i medeltidsmusik i Stockholm, i samarbete med Studiefr\u00e4mjandet och Scenkonstmuseet. 25 april f\u00f6r s\u00e5ngare och instrumentalister och 26 maj f\u00f6r bara instrumentalister.<\/p>\n","protected":false},"author":1,"featured_media":2057,"comment_status":"closed","ping_status":"closed","sticky":false,"template":"","format":"standard","meta":{"_acf_changed":false,"_monsterinsights_skip_tracking":false,"_monsterinsights_sitenote_active":false,"_monsterinsights_sitenote_note":"","_monsterinsights_sitenote_category":0,"footnotes":""},"categories":[4,7],"tags":[],"class_list":["post-2163","post","type-post","status-publish","format-standard","has-post-thumbnail","hentry","category-aktuellt-foreningen","category-pa-gang"],"acf":[],"_links":{"self":[{"href":"https:\/\/fftm.se\/blogg\/wp-json\/wp\/v2\/posts\/2163","targetHints":{"allow":["GET"]}}],"collection":[{"href":"https:\/\/fftm.se\/blogg\/wp-json\/wp\/v2\/posts"}],"about":[{"href":"https:\/\/fftm.se\/blogg\/wp-json\/wp\/v2\/types\/post"}],"author":[{"embeddable":true,"href":"https:\/\/fftm.se\/blogg\/wp-json\/wp\/v2\/users\/1"}],"replies":[{"embeddable":true,"href":"https:\/\/fftm.se\/blogg\/wp-json\/wp\/v2\/comments?post=2163"}],"version-history":[{"count":3,"href":"https:\/\/fftm.se\/blogg\/wp-json\/wp\/v2\/posts\/2163\/revisions"}],"predecessor-version":[{"id":2173,"href":"https:\/\/fftm.se\/blogg\/wp-json\/wp\/v2\/posts\/2163\/revisions\/2173"}],"wp:featuredmedia":[{"embeddable":true,"href":"https:\/\/fftm.se\/blogg\/wp-json\/wp\/v2\/media\/2057"}],"wp:attachment":[{"href":"https:\/\/fftm.se\/blogg\/wp-json\/wp\/v2\/media?parent=2163"}],"wp:term":[{"taxonomy":"category","embeddable":true,"href":"https:\/\/fftm.se\/blogg\/wp-json\/wp\/v2\/categories?post=2163"},{"taxonomy":"post_tag","embeddable":true,"href":"https:\/\/fftm.se\/blogg\/wp-json\/wp\/v2\/tags?post=2163"}],"curies":[{"name":"wp","href":"https:\/\/api.w.org\/{rel}","templated":true}]}}