{"id":2053,"date":"2025-08-27T11:31:15","date_gmt":"2025-08-27T10:31:15","guid":{"rendered":"https:\/\/fftm.se\/blogg\/?p=2053"},"modified":"2025-08-27T11:33:13","modified_gmt":"2025-08-27T10:33:13","slug":"medmus-2025","status":"publish","type":"post","link":"https:\/\/fftm.se\/blogg\/medmus-2025\/","title":{"rendered":"Medeltidsmusikkurser h\u00f6sten 2025"},"content":{"rendered":"<div>\n<p>Under h\u00f6sten finns flera tillf\u00e4llen att utforska medeltidens musik. Klicka p\u00e5 l\u00e4nkarna f\u00f6r att komma till mer information och anm\u00e4lan.<\/p>\n<p><b>18 oktober, Ars Musice, V\u00e4xj\u00f6<\/b>. Karin Lagergren ger en eftermiddagskurs med fokus p\u00e5 medeltida julmusik i Mariakyrkan. <em>L\u00e4nk till anm\u00e4lan och mer information kommer.<\/em><\/p>\n<p><a href=\"https:\/\/www.studieframjandet.se\/stockholms-lan\/gustav-arrangemang\/kurser\/2025\/oktober\/ars-instrumentorum--upptack-medeltidens-musik\/\"><b>25 oktober, Ars Instrumentorum, Stockholm.<\/b><\/a> Gustav N\u00e4sman Olai ger en eftermiddagskurs med fokus p\u00e5 medeltida instrumentalmusik p\u00e5 Scenkonstmuseet.<\/p>\n<p><a href=\"https:\/\/www.studieframjandet.se\/stockholms-lan\/gustav-arrangemang\/kurser\/2025\/november\/ars-musice--upptack-medeltidens-musik\/\"><b>22 november, Stockholm.<\/b><\/a> Karin Lagergren och Gustav N\u00e4sman Olai ger en eftermiddagskurs med medeltida musik p\u00e5 Scenkonstmuseet.<\/p>\n<\/div>\n","protected":false},"excerpt":{"rendered":"<p>Under h\u00f6sten planeras tre kurser i medeltidsmusik och du kan hitta information och l\u00e4nkar h\u00e4r. <\/p>\n","protected":false},"author":1,"featured_media":2057,"comment_status":"closed","ping_status":"closed","sticky":false,"template":"","format":"standard","meta":{"_acf_changed":false,"_monsterinsights_skip_tracking":false,"_monsterinsights_sitenote_active":false,"_monsterinsights_sitenote_note":"","_monsterinsights_sitenote_category":0,"footnotes":""},"categories":[4,7],"tags":[],"class_list":["post-2053","post","type-post","status-publish","format-standard","has-post-thumbnail","hentry","category-aktuellt-foreningen","category-pa-gang"],"acf":[],"_links":{"self":[{"href":"https:\/\/fftm.se\/blogg\/wp-json\/wp\/v2\/posts\/2053","targetHints":{"allow":["GET"]}}],"collection":[{"href":"https:\/\/fftm.se\/blogg\/wp-json\/wp\/v2\/posts"}],"about":[{"href":"https:\/\/fftm.se\/blogg\/wp-json\/wp\/v2\/types\/post"}],"author":[{"embeddable":true,"href":"https:\/\/fftm.se\/blogg\/wp-json\/wp\/v2\/users\/1"}],"replies":[{"embeddable":true,"href":"https:\/\/fftm.se\/blogg\/wp-json\/wp\/v2\/comments?post=2053"}],"version-history":[{"count":4,"href":"https:\/\/fftm.se\/blogg\/wp-json\/wp\/v2\/posts\/2053\/revisions"}],"predecessor-version":[{"id":2060,"href":"https:\/\/fftm.se\/blogg\/wp-json\/wp\/v2\/posts\/2053\/revisions\/2060"}],"wp:featuredmedia":[{"embeddable":true,"href":"https:\/\/fftm.se\/blogg\/wp-json\/wp\/v2\/media\/2057"}],"wp:attachment":[{"href":"https:\/\/fftm.se\/blogg\/wp-json\/wp\/v2\/media?parent=2053"}],"wp:term":[{"taxonomy":"category","embeddable":true,"href":"https:\/\/fftm.se\/blogg\/wp-json\/wp\/v2\/categories?post=2053"},{"taxonomy":"post_tag","embeddable":true,"href":"https:\/\/fftm.se\/blogg\/wp-json\/wp\/v2\/tags?post=2053"}],"curies":[{"name":"wp","href":"https:\/\/api.w.org\/{rel}","templated":true}]}}